{"id":344,"date":"2026-04-18T09:32:57","date_gmt":"2026-04-18T08:32:57","guid":{"rendered":"https:\/\/www.andp-cci.org\/?p=344"},"modified":"2026-04-18T09:36:24","modified_gmt":"2026-04-18T08:36:24","slug":"le-credit-agricole-devrait-tourner-la-page-4","status":"publish","type":"post","link":"https:\/\/www.andp-cci.org\/index.php\/2026\/04\/18\/le-credit-agricole-devrait-tourner-la-page-4\/","title":{"rendered":"Le Cr\u00e9dit Agricole devrait tourner la page [ep4]"},"content":{"rendered":"\n<h3 class=\"wp-block-heading\">\u00c9pisode 4<\/h3>\n\n\n\n<h4 class=\"wp-block-heading\">Comment peut-on \u00eatre mutualiste et cot\u00e9 en Bourse ?\u00a0?\u00a0?<\/h4>\n\n\n\n<p><br>On a vu la semaine pass\u00e9e que les 13 Caisses r\u00e9gionales (CR) du Cr\u00e9dit Agricole cot\u00e9es en Bourses d\u00e9tenaient 1,5 fois plus de capitaux propres que leurs cons\u0153urs mutualistes des Banques Populaires, des Caisses d\u2019\u00c9pargne ou du Cr\u00e9dit Mutuel pour un m\u00eame volume de pr\u00eats.<\/p>\n\n\n\n<p>Mais pourquoi 13 des 39 CR sont-elles cot\u00e9es en Bourse alors que tous les autres groupes mutualistes ont progressivement retir\u00e9 leurs structures de la cote (Natixis, CIC, etc.)&nbsp;?&nbsp;<\/p>\n\n\n\n<p><strong>Retour \u00e0 l\u2019origine<\/strong><\/p>\n\n\n\n<p>En 1988, le gouvernement de J. Chirac privatise la Caisse Nationale du Cr\u00e9dit Agricole, alors organe central des Caisses r\u00e9gionales.<br>Les acqu\u00e9reurs naturels ? Les Caisses r\u00e9gionales elles-m\u00eames.<\/p>\n\n\n\n<p>R\u00e9sultat : la maison m\u00e8re devient la filiale de ses entit\u00e9s r\u00e9gionales. C\u2019est l\u2019anc\u00eatre de Cr\u00e9dit Agricole SA, CASA, aujourd\u2019hui membre du CAC 40, et 14\u00e8me entit\u00e9 du groupe portant son nom \u00e0 \u00eatre cot\u00e9e.<\/p>\n\n\n\n<p><strong>Comment ces Caisses r\u00e9gionales se sont-elles alors financ\u00e9es ?<\/strong><\/p>\n\n\n\n<p>Trois instruments ont \u00e9t\u00e9 utilis\u00e9s :<\/p>\n\n\n\n<ol start=\"1\" class=\"wp-block-list\">\n<li><strong>Les CCI \u2013 Certificats Coop\u00e9ratifs d\u2019Investissement, par 15 CR<\/strong><br>\u00c9quivalent d\u2019actions\u00a0<strong>sans droit de vote<\/strong>, avec :<\/li>\n<\/ol>\n\n\n\n<ul class=\"wp-block-list\">\n<li>dividende<\/li>\n\n\n\n<li>droit \u00e0 l\u2019actif net<\/li>\n\n\n\n<li>cotation en Bourse<\/li>\n<\/ul>\n\n\n\n<p>Ils ont \u00e9t\u00e9 principalement plac\u00e9s aupr\u00e8s des clients et salari\u00e9s, puis cot\u00e9s en Bourse.<\/p>\n\n\n\n<ol start=\"2\" class=\"wp-block-list\">\n<li><strong>Les CCA \u2013 Certificats Coop\u00e9ratifs d\u2019Associ\u00e9s, par 9 CR<\/strong><br>M\u00eames caract\u00e9ristiques financi\u00e8res que les CCI, m\u00eame privation de droits de vote, mais r\u00e9serv\u00e9s aux clients et non cot\u00e9s<\/li>\n\n\n\n<li><strong>Les parts sociales, par toutes les CR<\/strong><br>Titres mutualistes faisant partie des capitaux propres donnant :<\/li>\n<\/ol>\n\n\n\n<ul class=\"wp-block-list\">\n<li>un seul droit de vote, quel que soit le nombre d\u00e9tenu<\/li>\n\n\n\n<li>une r\u00e9mun\u00e9ration \u00e9gale \u00e0 un taux obligataire<\/li>\n\n\n\n<li>Mais sans droit \u00e0 l\u2019actif net, puisqu\u2019elles sont toujours rachet\u00e9es par les CR au prix d\u2019\u00e9mission<\/li>\n<\/ul>\n\n\n\n<p><strong>Pourquoi certaines CR ont-elles quitt\u00e9 la Bourse ?<\/strong><\/p>\n\n\n\n<p>En 2009, deux CR obtiennent leur retrait de cote pour deux raisons :<\/p>\n\n\n\n<ol start=\"1\" class=\"wp-block-list\">\n<li><strong>Une incoh\u00e9rence philosophique<\/strong><br>\u00catre mutualiste et cot\u00e9 n\u2019allait pas de soi aux yeux de leurs dirigeants.<\/li>\n\n\n\n<li><strong>Une d\u00e9cote massive<\/strong><br>Les CCI se traitaient d\u00e9j\u00e0 avec pr\u00e8s de\u00a0<strong>60 % de d\u00e9cote<\/strong>\u00a0sur les capitaux propres comptables (elle est aujourd\u2019hui de 75 %). Et les clients et les salari\u00e9s aupr\u00e8s de qui beaucoup des CCI avaient \u00e9t\u00e9 plac\u00e9s l\u2019avaient mauvaise.<\/li>\n<\/ol>\n\n\n\n<p><strong>Pourquoi les autres sont-elles rest\u00e9es cot\u00e9es ?<\/strong><\/p>\n\n\n\n<p>Deux CR ont ainsi pu sortir de Bourse, mais 5 autres au moins le voulaient aussi. Toutefois, cela leur a \u00e9t\u00e9 refus\u00e9 car cela aurait affaibli la solvabilit\u00e9 du Groupe Cr\u00e9dit Agricole. Mais ce n\u2019est plus vrai aujourd\u2019hui.<\/p>\n\n\n\n<p>M\u00eame en retirant les 13 CR restantes, le ratio CET1 du groupe passerait de&nbsp;<strong>17,4 % \u00e0 16,3 %<\/strong>.<\/p>\n\n\n\n<p>Le Groupe Cr\u00e9dit Agricole resterait la banque la mieux dot\u00e9e de toutes les banques syst\u00e9miques europ\u00e9ennes. BNP Paribas est \u00e0 12,6 %, et personne ne dit que BNP Paribas n\u2019a pas assez de capitaux propres.<\/p>\n","protected":false},"excerpt":{"rendered":"<p>\u00c9pisode 4 Comment peut-on \u00eatre mutualiste et cot\u00e9 en Bourse ?\u00a0?\u00a0? On a vu la semaine pass\u00e9e que les 13 Caisses r\u00e9gionales (CR) du Cr\u00e9dit Agricole cot\u00e9es en Bourses d\u00e9tenaient 1,5 fois plus de capitaux propres que leurs cons\u0153urs mutualistes des Banques Populaires, des Caisses d\u2019\u00c9pargne ou du Cr\u00e9dit Mutuel pour un m\u00eame volume de [&hellip;]<\/p>\n","protected":false},"author":1,"featured_media":0,"comment_status":"closed","ping_status":"closed","sticky":false,"template":"templates\/template-full-width.php","format":"standard","meta":{"footnotes":""},"categories":[5],"tags":[],"class_list":["post-344","post","type-post","status-publish","format-standard","hentry","category-billets-linkedin"],"yoast_head":"<!-- This site is optimized with the Yoast SEO plugin v27.4 - https:\/\/yoast.com\/product\/yoast-seo-wordpress\/ -->\n<title>Le Cr\u00e9dit Agricole devrait tourner la page [ep4] - Site de l\u2019Association Nationale de D\u00e9fense des Porteurs de CCI du Cr\u00e9dit Agricole (ANDP-CCI)<\/title>\n<meta name=\"robots\" content=\"index, follow, max-snippet:-1, max-image-preview:large, max-video-preview:-1\" \/>\n<link rel=\"canonical\" href=\"https:\/\/www.andp-cci.org\/index.php\/2026\/04\/18\/le-credit-agricole-devrait-tourner-la-page-4\/\" \/>\n<meta property=\"og:locale\" content=\"fr_FR\" \/>\n<meta property=\"og:type\" content=\"article\" \/>\n<meta property=\"og:title\" content=\"Le Cr\u00e9dit Agricole devrait tourner la page [ep4] - Site de l\u2019Association Nationale de D\u00e9fense des Porteurs de CCI du Cr\u00e9dit Agricole (ANDP-CCI)\" \/>\n<meta property=\"og:description\" content=\"\u00c9pisode 4 Comment peut-on \u00eatre mutualiste et cot\u00e9 en Bourse ?\u00a0?\u00a0? On a vu la semaine pass\u00e9e que les 13 Caisses r\u00e9gionales (CR) du Cr\u00e9dit Agricole cot\u00e9es en Bourses d\u00e9tenaient 1,5 fois plus de capitaux propres que leurs cons\u0153urs mutualistes des Banques Populaires, des Caisses d\u2019\u00c9pargne ou du Cr\u00e9dit Mutuel pour un m\u00eame volume de [&hellip;]\" \/>\n<meta property=\"og:url\" content=\"https:\/\/www.andp-cci.org\/index.php\/2026\/04\/18\/le-credit-agricole-devrait-tourner-la-page-4\/\" \/>\n<meta property=\"og:site_name\" content=\"Site de l\u2019Association Nationale de D\u00e9fense des Porteurs de CCI du Cr\u00e9dit Agricole (ANDP-CCI)\" \/>\n<meta property=\"article:published_time\" content=\"2026-04-18T08:32:57+00:00\" \/>\n<meta property=\"article:modified_time\" content=\"2026-04-18T08:36:24+00:00\" \/>\n<meta name=\"author\" content=\"Pascal Quiry\" \/>\n<meta name=\"twitter:card\" content=\"summary_large_image\" \/>\n<meta name=\"twitter:label1\" content=\"\u00c9crit par\" \/>\n\t<meta name=\"twitter:data1\" content=\"Pascal Quiry\" \/>\n\t<meta name=\"twitter:label2\" content=\"Dur\u00e9e de lecture estim\u00e9e\" \/>\n\t<meta name=\"twitter:data2\" content=\"3 minutes\" \/>\n<script type=\"application\/ld+json\" class=\"yoast-schema-graph\">{\"@context\":\"https:\\\/\\\/schema.org\",\"@graph\":[{\"@type\":\"Article\",\"@id\":\"https:\\\/\\\/www.andp-cci.org\\\/index.php\\\/2026\\\/04\\\/18\\\/le-credit-agricole-devrait-tourner-la-page-4\\\/#article\",\"isPartOf\":{\"@id\":\"https:\\\/\\\/www.andp-cci.org\\\/index.php\\\/2026\\\/04\\\/18\\\/le-credit-agricole-devrait-tourner-la-page-4\\\/\"},\"author\":{\"name\":\"Pascal Quiry\",\"@id\":\"https:\\\/\\\/www.andp-cci.org\\\/#\\\/schema\\\/person\\\/a0dc3d421023ef75dbcd5ddb2252d98b\"},\"headline\":\"Le Cr\u00e9dit Agricole devrait tourner la page [ep4]\",\"datePublished\":\"2026-04-18T08:32:57+00:00\",\"dateModified\":\"2026-04-18T08:36:24+00:00\",\"mainEntityOfPage\":{\"@id\":\"https:\\\/\\\/www.andp-cci.org\\\/index.php\\\/2026\\\/04\\\/18\\\/le-credit-agricole-devrait-tourner-la-page-4\\\/\"},\"wordCount\":509,\"articleSection\":[\"Billets Linkedin\"],\"inLanguage\":\"fr-FR\"},{\"@type\":\"WebPage\",\"@id\":\"https:\\\/\\\/www.andp-cci.org\\\/index.php\\\/2026\\\/04\\\/18\\\/le-credit-agricole-devrait-tourner-la-page-4\\\/\",\"url\":\"https:\\\/\\\/www.andp-cci.org\\\/index.php\\\/2026\\\/04\\\/18\\\/le-credit-agricole-devrait-tourner-la-page-4\\\/\",\"name\":\"Le Cr\u00e9dit Agricole devrait tourner la page [ep4] - Site de l\u2019Association Nationale de D\u00e9fense des Porteurs de CCI du Cr\u00e9dit Agricole (ANDP-CCI)\",\"isPartOf\":{\"@id\":\"https:\\\/\\\/www.andp-cci.org\\\/#website\"},\"datePublished\":\"2026-04-18T08:32:57+00:00\",\"dateModified\":\"2026-04-18T08:36:24+00:00\",\"author\":{\"@id\":\"https:\\\/\\\/www.andp-cci.org\\\/#\\\/schema\\\/person\\\/a0dc3d421023ef75dbcd5ddb2252d98b\"},\"breadcrumb\":{\"@id\":\"https:\\\/\\\/www.andp-cci.org\\\/index.php\\\/2026\\\/04\\\/18\\\/le-credit-agricole-devrait-tourner-la-page-4\\\/#breadcrumb\"},\"inLanguage\":\"fr-FR\",\"potentialAction\":[{\"@type\":\"ReadAction\",\"target\":[\"https:\\\/\\\/www.andp-cci.org\\\/index.php\\\/2026\\\/04\\\/18\\\/le-credit-agricole-devrait-tourner-la-page-4\\\/\"]}]},{\"@type\":\"BreadcrumbList\",\"@id\":\"https:\\\/\\\/www.andp-cci.org\\\/index.php\\\/2026\\\/04\\\/18\\\/le-credit-agricole-devrait-tourner-la-page-4\\\/#breadcrumb\",\"itemListElement\":[{\"@type\":\"ListItem\",\"position\":1,\"name\":\"Accueil\",\"item\":\"https:\\\/\\\/www.andp-cci.org\\\/\"},{\"@type\":\"ListItem\",\"position\":2,\"name\":\"Le Cr\u00e9dit Agricole devrait tourner la page [ep4]\"}]},{\"@type\":\"WebSite\",\"@id\":\"https:\\\/\\\/www.andp-cci.org\\\/#website\",\"url\":\"https:\\\/\\\/www.andp-cci.org\\\/\",\"name\":\"Site de l\u2019Association Nationale de D\u00e9fense des Porteurs de CCI du Cr\u00e9dit Agricole (ANDP-CCI)\",\"description\":\"\",\"potentialAction\":[{\"@type\":\"SearchAction\",\"target\":{\"@type\":\"EntryPoint\",\"urlTemplate\":\"https:\\\/\\\/www.andp-cci.org\\\/?s={search_term_string}\"},\"query-input\":{\"@type\":\"PropertyValueSpecification\",\"valueRequired\":true,\"valueName\":\"search_term_string\"}}],\"inLanguage\":\"fr-FR\"},{\"@type\":\"Person\",\"@id\":\"https:\\\/\\\/www.andp-cci.org\\\/#\\\/schema\\\/person\\\/a0dc3d421023ef75dbcd5ddb2252d98b\",\"name\":\"Pascal Quiry\",\"image\":{\"@type\":\"ImageObject\",\"inLanguage\":\"fr-FR\",\"@id\":\"https:\\\/\\\/secure.gravatar.com\\\/avatar\\\/e0b4f1aeeb228eb3bd890e4ed9a1092bbdd8fbccc12fc3683b9b3052e2184e98?s=96&d=mm&r=g\",\"url\":\"https:\\\/\\\/secure.gravatar.com\\\/avatar\\\/e0b4f1aeeb228eb3bd890e4ed9a1092bbdd8fbccc12fc3683b9b3052e2184e98?s=96&d=mm&r=g\",\"contentUrl\":\"https:\\\/\\\/secure.gravatar.com\\\/avatar\\\/e0b4f1aeeb228eb3bd890e4ed9a1092bbdd8fbccc12fc3683b9b3052e2184e98?s=96&d=mm&r=g\",\"caption\":\"Pascal Quiry\"},\"sameAs\":[\"http:\\\/\\\/andpccy.cluster100.hosting.ovh.net\"],\"url\":\"https:\\\/\\\/www.andp-cci.org\\\/index.php\\\/author\\\/admin1567\\\/\"}]}<\/script>\n<!-- \/ Yoast SEO plugin. -->","yoast_head_json":{"title":"Le Cr\u00e9dit Agricole devrait tourner la page [ep4] - Site de l\u2019Association Nationale de D\u00e9fense des Porteurs de CCI du Cr\u00e9dit Agricole (ANDP-CCI)","robots":{"index":"index","follow":"follow","max-snippet":"max-snippet:-1","max-image-preview":"max-image-preview:large","max-video-preview":"max-video-preview:-1"},"canonical":"https:\/\/www.andp-cci.org\/index.php\/2026\/04\/18\/le-credit-agricole-devrait-tourner-la-page-4\/","og_locale":"fr_FR","og_type":"article","og_title":"Le Cr\u00e9dit Agricole devrait tourner la page [ep4] - Site de l\u2019Association Nationale de D\u00e9fense des Porteurs de CCI du Cr\u00e9dit Agricole (ANDP-CCI)","og_description":"\u00c9pisode 4 Comment peut-on \u00eatre mutualiste et cot\u00e9 en Bourse ?\u00a0?\u00a0? On a vu la semaine pass\u00e9e que les 13 Caisses r\u00e9gionales (CR) du Cr\u00e9dit Agricole cot\u00e9es en Bourses d\u00e9tenaient 1,5 fois plus de capitaux propres que leurs cons\u0153urs mutualistes des Banques Populaires, des Caisses d\u2019\u00c9pargne ou du Cr\u00e9dit Mutuel pour un m\u00eame volume de [&hellip;]","og_url":"https:\/\/www.andp-cci.org\/index.php\/2026\/04\/18\/le-credit-agricole-devrait-tourner-la-page-4\/","og_site_name":"Site de l\u2019Association Nationale de D\u00e9fense des Porteurs de CCI du Cr\u00e9dit Agricole (ANDP-CCI)","article_published_time":"2026-04-18T08:32:57+00:00","article_modified_time":"2026-04-18T08:36:24+00:00","author":"Pascal Quiry","twitter_card":"summary_large_image","twitter_misc":{"\u00c9crit par":"Pascal Quiry","Dur\u00e9e de lecture estim\u00e9e":"3 minutes"},"schema":{"@context":"https:\/\/schema.org","@graph":[{"@type":"Article","@id":"https:\/\/www.andp-cci.org\/index.php\/2026\/04\/18\/le-credit-agricole-devrait-tourner-la-page-4\/#article","isPartOf":{"@id":"https:\/\/www.andp-cci.org\/index.php\/2026\/04\/18\/le-credit-agricole-devrait-tourner-la-page-4\/"},"author":{"name":"Pascal Quiry","@id":"https:\/\/www.andp-cci.org\/#\/schema\/person\/a0dc3d421023ef75dbcd5ddb2252d98b"},"headline":"Le Cr\u00e9dit Agricole devrait tourner la page [ep4]","datePublished":"2026-04-18T08:32:57+00:00","dateModified":"2026-04-18T08:36:24+00:00","mainEntityOfPage":{"@id":"https:\/\/www.andp-cci.org\/index.php\/2026\/04\/18\/le-credit-agricole-devrait-tourner-la-page-4\/"},"wordCount":509,"articleSection":["Billets Linkedin"],"inLanguage":"fr-FR"},{"@type":"WebPage","@id":"https:\/\/www.andp-cci.org\/index.php\/2026\/04\/18\/le-credit-agricole-devrait-tourner-la-page-4\/","url":"https:\/\/www.andp-cci.org\/index.php\/2026\/04\/18\/le-credit-agricole-devrait-tourner-la-page-4\/","name":"Le Cr\u00e9dit Agricole devrait tourner la page [ep4] - Site de l\u2019Association Nationale de D\u00e9fense des Porteurs de CCI du Cr\u00e9dit Agricole (ANDP-CCI)","isPartOf":{"@id":"https:\/\/www.andp-cci.org\/#website"},"datePublished":"2026-04-18T08:32:57+00:00","dateModified":"2026-04-18T08:36:24+00:00","author":{"@id":"https:\/\/www.andp-cci.org\/#\/schema\/person\/a0dc3d421023ef75dbcd5ddb2252d98b"},"breadcrumb":{"@id":"https:\/\/www.andp-cci.org\/index.php\/2026\/04\/18\/le-credit-agricole-devrait-tourner-la-page-4\/#breadcrumb"},"inLanguage":"fr-FR","potentialAction":[{"@type":"ReadAction","target":["https:\/\/www.andp-cci.org\/index.php\/2026\/04\/18\/le-credit-agricole-devrait-tourner-la-page-4\/"]}]},{"@type":"BreadcrumbList","@id":"https:\/\/www.andp-cci.org\/index.php\/2026\/04\/18\/le-credit-agricole-devrait-tourner-la-page-4\/#breadcrumb","itemListElement":[{"@type":"ListItem","position":1,"name":"Accueil","item":"https:\/\/www.andp-cci.org\/"},{"@type":"ListItem","position":2,"name":"Le Cr\u00e9dit Agricole devrait tourner la page [ep4]"}]},{"@type":"WebSite","@id":"https:\/\/www.andp-cci.org\/#website","url":"https:\/\/www.andp-cci.org\/","name":"Site de l\u2019Association Nationale de D\u00e9fense des Porteurs de CCI du Cr\u00e9dit Agricole (ANDP-CCI)","description":"","potentialAction":[{"@type":"SearchAction","target":{"@type":"EntryPoint","urlTemplate":"https:\/\/www.andp-cci.org\/?s={search_term_string}"},"query-input":{"@type":"PropertyValueSpecification","valueRequired":true,"valueName":"search_term_string"}}],"inLanguage":"fr-FR"},{"@type":"Person","@id":"https:\/\/www.andp-cci.org\/#\/schema\/person\/a0dc3d421023ef75dbcd5ddb2252d98b","name":"Pascal Quiry","image":{"@type":"ImageObject","inLanguage":"fr-FR","@id":"https:\/\/secure.gravatar.com\/avatar\/e0b4f1aeeb228eb3bd890e4ed9a1092bbdd8fbccc12fc3683b9b3052e2184e98?s=96&d=mm&r=g","url":"https:\/\/secure.gravatar.com\/avatar\/e0b4f1aeeb228eb3bd890e4ed9a1092bbdd8fbccc12fc3683b9b3052e2184e98?s=96&d=mm&r=g","contentUrl":"https:\/\/secure.gravatar.com\/avatar\/e0b4f1aeeb228eb3bd890e4ed9a1092bbdd8fbccc12fc3683b9b3052e2184e98?s=96&d=mm&r=g","caption":"Pascal Quiry"},"sameAs":["http:\/\/andpccy.cluster100.hosting.ovh.net"],"url":"https:\/\/www.andp-cci.org\/index.php\/author\/admin1567\/"}]}},"_links":{"self":[{"href":"https:\/\/www.andp-cci.org\/index.php\/wp-json\/wp\/v2\/posts\/344","targetHints":{"allow":["GET"]}}],"collection":[{"href":"https:\/\/www.andp-cci.org\/index.php\/wp-json\/wp\/v2\/posts"}],"about":[{"href":"https:\/\/www.andp-cci.org\/index.php\/wp-json\/wp\/v2\/types\/post"}],"author":[{"embeddable":true,"href":"https:\/\/www.andp-cci.org\/index.php\/wp-json\/wp\/v2\/users\/1"}],"replies":[{"embeddable":true,"href":"https:\/\/www.andp-cci.org\/index.php\/wp-json\/wp\/v2\/comments?post=344"}],"version-history":[{"count":4,"href":"https:\/\/www.andp-cci.org\/index.php\/wp-json\/wp\/v2\/posts\/344\/revisions"}],"predecessor-version":[{"id":349,"href":"https:\/\/www.andp-cci.org\/index.php\/wp-json\/wp\/v2\/posts\/344\/revisions\/349"}],"wp:attachment":[{"href":"https:\/\/www.andp-cci.org\/index.php\/wp-json\/wp\/v2\/media?parent=344"}],"wp:term":[{"taxonomy":"category","embeddable":true,"href":"https:\/\/www.andp-cci.org\/index.php\/wp-json\/wp\/v2\/categories?post=344"},{"taxonomy":"post_tag","embeddable":true,"href":"https:\/\/www.andp-cci.org\/index.php\/wp-json\/wp\/v2\/tags?post=344"}],"curies":[{"name":"wp","href":"https:\/\/api.w.org\/{rel}","templated":true}]}}